{"id":1691,"date":"2019-06-12T15:22:54","date_gmt":"2019-06-12T18:22:54","guid":{"rendered":"http:\/\/pesquisas.face.ufmg.br\/time\/?p=1691"},"modified":"2019-06-12T15:22:54","modified_gmt":"2019-06-12T18:22:54","slug":"coordenador-do-time-participa-do-fechamento-do-enade","status":"publish","type":"post","link":"https:\/\/pesquisas.face.ufmg.br\/time\/2019\/06\/12\/coordenador-do-time-participa-do-fechamento-do-enade\/","title":{"rendered":"Coordenador do TIME participa do fechamento do ENADE"},"content":{"rendered":"<h2>O Professor Pl\u00ednio Monteiro participa da reuni\u00e3o de fechamento do ciclo de avalia\u00e7\u00e3o no Exame Nacional de Avalia\u00e7\u00e3o de Desempenho dos Estudantes dos cursos de administra\u00e7\u00e3o.<\/h2>\n<p>Entre os dias 11 e 12 de junho de 2019 o professor Pl\u00ednio Monteiro, coordenador do time UFMG, participou da quinta reuni\u00e3o da comiss\u00e3o assessora de avalia\u00e7\u00e3o do Enade 2019 para alunos do curso de administra\u00e7\u00e3o. A reuni\u00e3o \u00e9 um fechamento de um ciclo que se iniciou em mar\u00e7o de 2018 e que visava conceber definir diretrizes e crit\u00e9rios para o exame que foi aplicado a todos os concluintes e agressos dos cursos de administra\u00e7\u00e3o do Brasil.<\/p>\n<p>Nessa reuni\u00e3o final o foco foi identificar pontos de melhorias e aprendizados para que o processo de avalia\u00e7\u00e3o possa se concretizar como instrumento efetivo para melhoria dos cursos de administra\u00e7\u00e3o do pa\u00eds.<\/p>\n<p>Participaram da reuni\u00e3o professores de diferentes institui\u00e7\u00f5es e regi\u00f5es do pa\u00eds, a fim de levar em conta toda a diversidade de conhecimentos e particularidades inerentes a forma\u00e7\u00e3o do administrador no contexto brasileiro.<\/p>\n<p><img loading=\"lazy\" decoding=\"async\" class=\"alignnone size-medium wp-image-1692\" src=\"http:\/\/pesquisas.face.ufmg.br\/time\/wp-content\/uploads\/sites\/16\/2019\/06\/IMG-20190612-WA0003-300x225.jpg\" alt=\"\" width=\"300\" height=\"225\" srcset=\"https:\/\/pesquisas.face.ufmg.br\/time\/wp-content\/uploads\/sites\/16\/2019\/06\/IMG-20190612-WA0003-300x225.jpg 300w, https:\/\/pesquisas.face.ufmg.br\/time\/wp-content\/uploads\/sites\/16\/2019\/06\/IMG-20190612-WA0003-768x577.jpg 768w, https:\/\/pesquisas.face.ufmg.br\/time\/wp-content\/uploads\/sites\/16\/2019\/06\/IMG-20190612-WA0003-1024x770.jpg 1024w, https:\/\/pesquisas.face.ufmg.br\/time\/wp-content\/uploads\/sites\/16\/2019\/06\/IMG-20190612-WA0003-500x376.jpg 500w, https:\/\/pesquisas.face.ufmg.br\/time\/wp-content\/uploads\/sites\/16\/2019\/06\/IMG-20190612-WA0003-425x319.jpg 425w, https:\/\/pesquisas.face.ufmg.br\/time\/wp-content\/uploads\/sites\/16\/2019\/06\/IMG-20190612-WA0003.jpg 1280w\" sizes=\"auto, (max-width: 300px) 100vw, 300px\" \/><\/p>\n<p>O processo como um todo \u00e9 parte fundamental para impulsionar o desenvolvimento de compet\u00eancias por meio do ensino superior em administra\u00e7\u00e3o no Brasil.<\/p>\n","protected":false},"excerpt":{"rendered":"<p>O Professor Pl\u00ednio Monteiro participa da reuni\u00e3o de fechamento do ciclo de avalia\u00e7\u00e3o no Exame Nacional de Avalia\u00e7\u00e3o de Desempenho dos Estudantes dos cursos de administra\u00e7\u00e3o. Entre os dias 11 e 12 de junho de 2019 o professor Pl\u00ednio Monteiro, coordenador do time UFMG, participou da quinta reuni\u00e3o da comiss\u00e3o assessora de avalia\u00e7\u00e3o do Enade 2019 para alunos do curso de administra\u00e7\u00e3o. A reuni\u00e3o \u00e9 um fechamento de um ciclo que se iniciou em mar\u00e7o de 2018 e que visava conceber definir diretrizes e crit\u00e9rios para o exame que foi aplicado a todos os concluintes e agressos dos cursos de administra\u00e7\u00e3o do Brasil. Nessa reuni\u00e3o<a class=\"more-link\" href=\"https:\/\/pesquisas.face.ufmg.br\/time\/2019\/06\/12\/coordenador-do-time-participa-do-fechamento-do-enade\/\">Read More &rarr;<\/a><\/p>\n","protected":false},"author":11,"featured_media":0,"comment_status":"closed","ping_status":"closed","sticky":false,"template":"","format":"standard","meta":{"_crdt_document":"","content-type":"","_exactmetrics_skip_tracking":false,"_exactmetrics_sitenote_active":false,"_exactmetrics_sitenote_note":"","_exactmetrics_sitenote_category":0,"footnotes":""},"categories":[1],"tags":[],"class_list":["entry","post","publish","author-time","post-1691","format-standard","category-sem-categoria"],"_links":{"self":[{"href":"https:\/\/pesquisas.face.ufmg.br\/time\/wp-json\/wp\/v2\/posts\/1691","targetHints":{"allow":["GET"]}}],"collection":[{"href":"https:\/\/pesquisas.face.ufmg.br\/time\/wp-json\/wp\/v2\/posts"}],"about":[{"href":"https:\/\/pesquisas.face.ufmg.br\/time\/wp-json\/wp\/v2\/types\/post"}],"author":[{"embeddable":true,"href":"https:\/\/pesquisas.face.ufmg.br\/time\/wp-json\/wp\/v2\/users\/11"}],"replies":[{"embeddable":true,"href":"https:\/\/pesquisas.face.ufmg.br\/time\/wp-json\/wp\/v2\/comments?post=1691"}],"version-history":[{"count":2,"href":"https:\/\/pesquisas.face.ufmg.br\/time\/wp-json\/wp\/v2\/posts\/1691\/revisions"}],"predecessor-version":[{"id":1694,"href":"https:\/\/pesquisas.face.ufmg.br\/time\/wp-json\/wp\/v2\/posts\/1691\/revisions\/1694"}],"wp:attachment":[{"href":"https:\/\/pesquisas.face.ufmg.br\/time\/wp-json\/wp\/v2\/media?parent=1691"}],"wp:term":[{"taxonomy":"category","embeddable":true,"href":"https:\/\/pesquisas.face.ufmg.br\/time\/wp-json\/wp\/v2\/categories?post=1691"},{"taxonomy":"post_tag","embeddable":true,"href":"https:\/\/pesquisas.face.ufmg.br\/time\/wp-json\/wp\/v2\/tags?post=1691"}],"curies":[{"name":"wp","href":"https:\/\/api.w.org\/{rel}","templated":true}]}}