{"id":821,"date":"2025-07-11T11:00:52","date_gmt":"2025-07-11T14:00:52","guid":{"rendered":"https:\/\/pesquisas.face.ufmg.br\/nemea\/?p=821"},"modified":"2025-07-11T11:00:52","modified_gmt":"2025-07-11T14:00:52","slug":"atualizacao-impactos-da-guerra-tarifaria-julho-2025","status":"publish","type":"post","link":"https:\/\/pesquisas.face.ufmg.br\/nemea\/2025\/07\/11\/atualizacao-impactos-da-guerra-tarifaria-julho-2025\/","title":{"rendered":"Atualiza\u00e7\u00e3o \u2013 Impactos da Guerra Tarif\u00e1ria (Julho\/2025)"},"content":{"rendered":"<p>O NEMEA atualizou as proje\u00e7\u00f5es referentes aos impactos para o Brasil em consequ\u00eancia da Guerra Tarif\u00e1ria entre China e EUA, dadas as novas medidas anunciadas em julho de 2025.<\/p>\n<p>A nota pode ser lida na \u00edntegra pelo link:<\/p>\n<p><a href=\"http:\/\/pesquisas.face.ufmg.br\/nemea\/wp-content\/uploads\/sites\/20\/2025\/07\/Guerra_Comercial_NEMEA_julho_2025.pdf\">Guerra Comercial NEMEA julho 2025<\/a><\/p>\n","protected":false},"excerpt":{"rendered":"<p>O NEMEA atualizou as proje\u00e7\u00f5es referentes aos impactos para o Brasil em consequ\u00eancia da Guerra Tarif\u00e1ria entre China e EUA, dadas as novas medidas anunciadas em julho de 2025. A&#8230; <\/p>\n","protected":false},"author":15,"featured_media":0,"comment_status":"closed","ping_status":"closed","sticky":false,"template":"","format":"standard","meta":{"_crdt_document":"","_exactmetrics_skip_tracking":false,"_exactmetrics_sitenote_active":false,"_exactmetrics_sitenote_note":"","_exactmetrics_sitenote_category":0,"footnotes":""},"categories":[1],"tags":[],"class_list":["post-821","post","type-post","status-publish","format-standard","hentry","category-news"],"_links":{"self":[{"href":"https:\/\/pesquisas.face.ufmg.br\/nemea\/wp-json\/wp\/v2\/posts\/821","targetHints":{"allow":["GET"]}}],"collection":[{"href":"https:\/\/pesquisas.face.ufmg.br\/nemea\/wp-json\/wp\/v2\/posts"}],"about":[{"href":"https:\/\/pesquisas.face.ufmg.br\/nemea\/wp-json\/wp\/v2\/types\/post"}],"author":[{"embeddable":true,"href":"https:\/\/pesquisas.face.ufmg.br\/nemea\/wp-json\/wp\/v2\/users\/15"}],"replies":[{"embeddable":true,"href":"https:\/\/pesquisas.face.ufmg.br\/nemea\/wp-json\/wp\/v2\/comments?post=821"}],"version-history":[{"count":1,"href":"https:\/\/pesquisas.face.ufmg.br\/nemea\/wp-json\/wp\/v2\/posts\/821\/revisions"}],"predecessor-version":[{"id":823,"href":"https:\/\/pesquisas.face.ufmg.br\/nemea\/wp-json\/wp\/v2\/posts\/821\/revisions\/823"}],"wp:attachment":[{"href":"https:\/\/pesquisas.face.ufmg.br\/nemea\/wp-json\/wp\/v2\/media?parent=821"}],"wp:term":[{"taxonomy":"category","embeddable":true,"href":"https:\/\/pesquisas.face.ufmg.br\/nemea\/wp-json\/wp\/v2\/categories?post=821"},{"taxonomy":"post_tag","embeddable":true,"href":"https:\/\/pesquisas.face.ufmg.br\/nemea\/wp-json\/wp\/v2\/tags?post=821"}],"curies":[{"name":"wp","href":"https:\/\/api.w.org\/{rel}","templated":true}]}}