{"id":786,"date":"2024-10-23T08:00:00","date_gmt":"2024-10-23T11:00:00","guid":{"rendered":"https:\/\/pesquisas.face.ufmg.br\/nemea\/?p=786"},"modified":"2024-10-23T08:37:33","modified_gmt":"2024-10-23T11:37:33","slug":"chamada-selecao-de-bolsista","status":"publish","type":"post","link":"https:\/\/pesquisas.face.ufmg.br\/nemea\/2024\/10\/23\/chamada-selecao-de-bolsista\/","title":{"rendered":"Chamada: Sele\u00e7\u00e3o de bolsista"},"content":{"rendered":"<p>Edital de Sele\u00e7\u00e3o de Bolsista para atuar no projeto &#8220;Impactos Econ\u00f4micos da Gera\u00e7\u00e3o Solar Fotovoltaica Distribu\u00edda no Estado de Minas Gerais: Uma Abordagem de Modelagem Inter-Regional de Equil\u00edbrio Geral Comput\u00e1vel&#8221;<\/p>\n<p>Per\u00edodo de inscri\u00e7\u00e3o: 24\/10\/2024 a 29\/10\/2024<\/p>\n<p><a href=\"http:\/\/pesquisas.face.ufmg.br\/nemea\/wp-content\/uploads\/sites\/20\/2024\/10\/Edital_Selecao_Bolsista-download.pdf\">Edital_selecao_bolsista [download]<\/a><\/p>\n","protected":false},"excerpt":{"rendered":"<p>Edital de Sele\u00e7\u00e3o de Bolsista para atuar no projeto &#8220;Impactos Econ\u00f4micos da Gera\u00e7\u00e3o Solar Fotovoltaica Distribu\u00edda no Estado de Minas Gerais: Uma Abordagem de Modelagem Inter-Regional de Equil\u00edbrio Geral Comput\u00e1vel&#8221;&#8230; <\/p>\n","protected":false},"author":15,"featured_media":0,"comment_status":"closed","ping_status":"closed","sticky":false,"template":"","format":"standard","meta":{"_crdt_document":"","_exactmetrics_skip_tracking":false,"_exactmetrics_sitenote_active":false,"_exactmetrics_sitenote_note":"","_exactmetrics_sitenote_category":0,"footnotes":""},"categories":[1],"tags":[],"class_list":["post-786","post","type-post","status-publish","format-standard","hentry","category-news"],"_links":{"self":[{"href":"https:\/\/pesquisas.face.ufmg.br\/nemea\/wp-json\/wp\/v2\/posts\/786","targetHints":{"allow":["GET"]}}],"collection":[{"href":"https:\/\/pesquisas.face.ufmg.br\/nemea\/wp-json\/wp\/v2\/posts"}],"about":[{"href":"https:\/\/pesquisas.face.ufmg.br\/nemea\/wp-json\/wp\/v2\/types\/post"}],"author":[{"embeddable":true,"href":"https:\/\/pesquisas.face.ufmg.br\/nemea\/wp-json\/wp\/v2\/users\/15"}],"replies":[{"embeddable":true,"href":"https:\/\/pesquisas.face.ufmg.br\/nemea\/wp-json\/wp\/v2\/comments?post=786"}],"version-history":[{"count":3,"href":"https:\/\/pesquisas.face.ufmg.br\/nemea\/wp-json\/wp\/v2\/posts\/786\/revisions"}],"predecessor-version":[{"id":794,"href":"https:\/\/pesquisas.face.ufmg.br\/nemea\/wp-json\/wp\/v2\/posts\/786\/revisions\/794"}],"wp:attachment":[{"href":"https:\/\/pesquisas.face.ufmg.br\/nemea\/wp-json\/wp\/v2\/media?parent=786"}],"wp:term":[{"taxonomy":"category","embeddable":true,"href":"https:\/\/pesquisas.face.ufmg.br\/nemea\/wp-json\/wp\/v2\/categories?post=786"},{"taxonomy":"post_tag","embeddable":true,"href":"https:\/\/pesquisas.face.ufmg.br\/nemea\/wp-json\/wp\/v2\/tags?post=786"}],"curies":[{"name":"wp","href":"https:\/\/api.w.org\/{rel}","templated":true}]}}