{"id":714,"date":"2021-05-19T14:27:23","date_gmt":"2021-05-19T17:27:23","guid":{"rendered":"https:\/\/pesquisas.face.ufmg.br\/nemea\/?p=714"},"modified":"2022-11-18T16:36:09","modified_gmt":"2022-11-18T19:36:09","slug":"desmatamento-zero-na-amazonia-e-factivel-e-traz-beneficios-economicos-e-ambientais","status":"publish","type":"post","link":"https:\/\/pesquisas.face.ufmg.br\/nemea\/2021\/05\/19\/desmatamento-zero-na-amazonia-e-factivel-e-traz-beneficios-economicos-e-ambientais\/","title":{"rendered":"Desmatamento zero na Amaz\u00f4nia \u00e9 fact\u00edvel e traz benef\u00edcios econ\u00f4micos e ambientais"},"content":{"rendered":"<p>Trabalho analisa as possibilidades de desmatamento zero na Amaz\u00f4nia, seus custos e benef\u00edcios econ\u00f4micos e ambientais, em termos de uso da terra, emiss\u00f5es de gases de efeito estufa e manuten\u00e7\u00e3o da floresta.<\/p>\n<p><a href=\"http:\/\/pesquisas.face.ufmg.br\/nemea\/wp-content\/uploads\/sites\/20\/2022\/11\/Desmatamento-0-e-investimento-na-Amazonia-e-factivel-e-barato-.pdf\">Baixar PDF<\/a><\/p>\n","protected":false},"excerpt":{"rendered":"<p>Trabalho analisa as possibilidades de desmatamento zero na Amaz\u00f4nia, seus custos e benef\u00edcios econ\u00f4micos e ambientais, em termos de uso da terra, emiss\u00f5es de gases de efeito estufa e manuten\u00e7\u00e3o&#8230; <\/p>\n","protected":false},"author":15,"featured_media":0,"comment_status":"closed","ping_status":"closed","sticky":false,"template":"","format":"standard","meta":{"_crdt_document":"","_exactmetrics_skip_tracking":false,"_exactmetrics_sitenote_active":false,"_exactmetrics_sitenote_note":"","_exactmetrics_sitenote_category":0,"footnotes":""},"categories":[1],"tags":[],"class_list":["post-714","post","type-post","status-publish","format-standard","hentry","category-news"],"_links":{"self":[{"href":"https:\/\/pesquisas.face.ufmg.br\/nemea\/wp-json\/wp\/v2\/posts\/714","targetHints":{"allow":["GET"]}}],"collection":[{"href":"https:\/\/pesquisas.face.ufmg.br\/nemea\/wp-json\/wp\/v2\/posts"}],"about":[{"href":"https:\/\/pesquisas.face.ufmg.br\/nemea\/wp-json\/wp\/v2\/types\/post"}],"author":[{"embeddable":true,"href":"https:\/\/pesquisas.face.ufmg.br\/nemea\/wp-json\/wp\/v2\/users\/15"}],"replies":[{"embeddable":true,"href":"https:\/\/pesquisas.face.ufmg.br\/nemea\/wp-json\/wp\/v2\/comments?post=714"}],"version-history":[{"count":4,"href":"https:\/\/pesquisas.face.ufmg.br\/nemea\/wp-json\/wp\/v2\/posts\/714\/revisions"}],"predecessor-version":[{"id":741,"href":"https:\/\/pesquisas.face.ufmg.br\/nemea\/wp-json\/wp\/v2\/posts\/714\/revisions\/741"}],"wp:attachment":[{"href":"https:\/\/pesquisas.face.ufmg.br\/nemea\/wp-json\/wp\/v2\/media?parent=714"}],"wp:term":[{"taxonomy":"category","embeddable":true,"href":"https:\/\/pesquisas.face.ufmg.br\/nemea\/wp-json\/wp\/v2\/categories?post=714"},{"taxonomy":"post_tag","embeddable":true,"href":"https:\/\/pesquisas.face.ufmg.br\/nemea\/wp-json\/wp\/v2\/tags?post=714"}],"curies":[{"name":"wp","href":"https:\/\/api.w.org\/{rel}","templated":true}]}}