{"id":661,"date":"2020-03-25T12:21:50","date_gmt":"2020-03-25T15:21:50","guid":{"rendered":"http:\/\/pesquisas.face.ufmg.br\/nemea\/?p=661"},"modified":"2020-03-25T13:07:56","modified_gmt":"2020-03-25T16:07:56","slug":"a-pandemia-do-corona-virus-no-brasil-demanda-emergencial-de-setores-relacionados-a-saude-e-impactos-economicos","status":"publish","type":"post","link":"https:\/\/pesquisas.face.ufmg.br\/nemea\/2020\/03\/25\/a-pandemia-do-corona-virus-no-brasil-demanda-emergencial-de-setores-relacionados-a-saude-e-impactos-economicos\/","title":{"rendered":"A pandemia do Corona v\u00edrus no Brasil: demanda emergencial de setores relacionados a sa\u00fade e impactos econ\u00f4micos"},"content":{"rendered":"\n<div class=\"wp-block-file\"><a href=\"http:\/\/pesquisas.face.ufmg.br\/nemea\/wp-content\/uploads\/sites\/20\/2020\/03\/COVID-saude.pdf\">COVID-saude (pdf)<\/a><a href=\"http:\/\/pesquisas.face.ufmg.br\/nemea\/wp-content\/uploads\/sites\/20\/2020\/03\/COVID-saude.pdf\" class=\"wp-block-file__button\" download>Baixar<\/a><\/div>\n","protected":false},"excerpt":{"rendered":"","protected":false},"author":15,"featured_media":0,"comment_status":"closed","ping_status":"closed","sticky":false,"template":"","format":"standard","meta":{"_crdt_document":"","_exactmetrics_skip_tracking":false,"_exactmetrics_sitenote_active":false,"_exactmetrics_sitenote_note":"","_exactmetrics_sitenote_category":0,"footnotes":""},"categories":[1],"tags":[],"class_list":["post-661","post","type-post","status-publish","format-standard","hentry","category-news"],"_links":{"self":[{"href":"https:\/\/pesquisas.face.ufmg.br\/nemea\/wp-json\/wp\/v2\/posts\/661","targetHints":{"allow":["GET"]}}],"collection":[{"href":"https:\/\/pesquisas.face.ufmg.br\/nemea\/wp-json\/wp\/v2\/posts"}],"about":[{"href":"https:\/\/pesquisas.face.ufmg.br\/nemea\/wp-json\/wp\/v2\/types\/post"}],"author":[{"embeddable":true,"href":"https:\/\/pesquisas.face.ufmg.br\/nemea\/wp-json\/wp\/v2\/users\/15"}],"replies":[{"embeddable":true,"href":"https:\/\/pesquisas.face.ufmg.br\/nemea\/wp-json\/wp\/v2\/comments?post=661"}],"version-history":[{"count":3,"href":"https:\/\/pesquisas.face.ufmg.br\/nemea\/wp-json\/wp\/v2\/posts\/661\/revisions"}],"predecessor-version":[{"id":666,"href":"https:\/\/pesquisas.face.ufmg.br\/nemea\/wp-json\/wp\/v2\/posts\/661\/revisions\/666"}],"wp:attachment":[{"href":"https:\/\/pesquisas.face.ufmg.br\/nemea\/wp-json\/wp\/v2\/media?parent=661"}],"wp:term":[{"taxonomy":"category","embeddable":true,"href":"https:\/\/pesquisas.face.ufmg.br\/nemea\/wp-json\/wp\/v2\/categories?post=661"},{"taxonomy":"post_tag","embeddable":true,"href":"https:\/\/pesquisas.face.ufmg.br\/nemea\/wp-json\/wp\/v2\/tags?post=661"}],"curies":[{"name":"wp","href":"https:\/\/api.w.org\/{rel}","templated":true}]}}