{"id":630,"date":"2019-09-10T23:21:56","date_gmt":"2019-09-11T02:21:56","guid":{"rendered":"http:\/\/pesquisas.face.ufmg.br\/nemea\/?p=630"},"modified":"2020-10-02T14:51:31","modified_gmt":"2020-10-02T17:51:31","slug":"austeridade-fiscal-no-brasil-impactos-na-renda-das-familias-e-na-atividade-economica","status":"publish","type":"post","link":"https:\/\/pesquisas.face.ufmg.br\/nemea\/2019\/09\/10\/austeridade-fiscal-no-brasil-impactos-na-renda-das-familias-e-na-atividade-economica\/","title":{"rendered":"Austeridade fiscal no Brasil: Impactos na renda das fam\u00edlias e na atividade econ\u00f4mica."},"content":{"rendered":"<p>O objetivo do trabalho \u00e9 avaliar os impactos econ\u00f4micos e na distribui\u00e7\u00e3o da renda das fam\u00edlias de trajet\u00f3rias para o gasto p\u00fablico brasileiro. Conclu\u00edmos que o cen\u00e1rio austero que se projeta para a economia brasileira com a Emenda Constitucional 95\/2016 (Teto dos Gastos) pode ter implica\u00e7\u00f5es importantes na piora da desigualdade quando se considera o acesso \u00e0 servi\u00e7os p\u00fablicos b\u00e1sicos, como sa\u00fade e educa\u00e7\u00e3o, caso medidas que atenuem esses efeitos n\u00e3o sejam tomadas. E que t\u00e3o pouco essa pol\u00edtica gera crescimento econ\u00f4mico. Para chegarmos nesta conclus\u00e3o utilizamos um modelo de equil\u00edbrio geral comput\u00e1vel capacitado para lidar com temas associados \u00e0 distribui\u00e7\u00e3o de renda na economia brasileira, trajet\u00f3rias do gasto publico e detalhamento das fontes de apropria\u00e7\u00e3o e tributa\u00e7\u00e3o da renda. Al\u00e9m disso, para uma estimativa mais adequada do impacto &nbsp;do gasto p\u00fablico na renda das fam\u00edlias, fizemos a imputa\u00e7\u00e3o do gasto p\u00fablico social com sa\u00fade e educa\u00e7\u00e3o na renda das fam\u00edlias.<\/p>\n\n\n<div class=\"wp-block-file\"><a href=\"http:\/\/pesquisas.face.ufmg.br\/nemea\/wp-content\/uploads\/sites\/20\/2020\/10\/NT_NEMEA_AUSTERIDADE.pdf\">NT_NEMEA_AUSTERIDADE<\/a><a href=\"http:\/\/pesquisas.face.ufmg.br\/nemea\/wp-content\/uploads\/sites\/20\/2020\/10\/NT_NEMEA_AUSTERIDADE.pdf\" class=\"wp-block-file__button\" download>Baixar<\/a><\/div>\n\n\n\n<p class=\"wp-block-paragraph\"><\/p>\n","protected":false},"excerpt":{"rendered":"<p>O objetivo do trabalho \u00e9 avaliar os impactos econ\u00f4micos e na distribui\u00e7\u00e3o da renda das fam\u00edlias de trajet\u00f3rias para o gasto p\u00fablico brasileiro. Conclu\u00edmos que o cen\u00e1rio austero que se&#8230; <\/p>\n","protected":false},"author":15,"featured_media":0,"comment_status":"closed","ping_status":"closed","sticky":false,"template":"","format":"standard","meta":{"_crdt_document":"","_exactmetrics_skip_tracking":false,"_exactmetrics_sitenote_active":false,"_exactmetrics_sitenote_note":"","_exactmetrics_sitenote_category":0,"footnotes":""},"categories":[1],"tags":[],"class_list":["post-630","post","type-post","status-publish","format-standard","hentry","category-news"],"_links":{"self":[{"href":"https:\/\/pesquisas.face.ufmg.br\/nemea\/wp-json\/wp\/v2\/posts\/630","targetHints":{"allow":["GET"]}}],"collection":[{"href":"https:\/\/pesquisas.face.ufmg.br\/nemea\/wp-json\/wp\/v2\/posts"}],"about":[{"href":"https:\/\/pesquisas.face.ufmg.br\/nemea\/wp-json\/wp\/v2\/types\/post"}],"author":[{"embeddable":true,"href":"https:\/\/pesquisas.face.ufmg.br\/nemea\/wp-json\/wp\/v2\/users\/15"}],"replies":[{"embeddable":true,"href":"https:\/\/pesquisas.face.ufmg.br\/nemea\/wp-json\/wp\/v2\/comments?post=630"}],"version-history":[{"count":5,"href":"https:\/\/pesquisas.face.ufmg.br\/nemea\/wp-json\/wp\/v2\/posts\/630\/revisions"}],"predecessor-version":[{"id":690,"href":"https:\/\/pesquisas.face.ufmg.br\/nemea\/wp-json\/wp\/v2\/posts\/630\/revisions\/690"}],"wp:attachment":[{"href":"https:\/\/pesquisas.face.ufmg.br\/nemea\/wp-json\/wp\/v2\/media?parent=630"}],"wp:term":[{"taxonomy":"category","embeddable":true,"href":"https:\/\/pesquisas.face.ufmg.br\/nemea\/wp-json\/wp\/v2\/categories?post=630"},{"taxonomy":"post_tag","embeddable":true,"href":"https:\/\/pesquisas.face.ufmg.br\/nemea\/wp-json\/wp\/v2\/tags?post=630"}],"curies":[{"name":"wp","href":"https:\/\/api.w.org\/{rel}","templated":true}]}}