{"id":408,"date":"2021-07-12T12:05:06","date_gmt":"2021-07-12T15:05:06","guid":{"rendered":"https:\/\/pesquisas.face.ufmg.br\/facelab\/?p=408"},"modified":"2021-07-12T12:06:50","modified_gmt":"2021-07-12T15:06:50","slug":"i-seminario-dialogando-com-a-inovacao","status":"publish","type":"post","link":"https:\/\/pesquisas.face.ufmg.br\/facelab\/2021\/07\/12\/i-seminario-dialogando-com-a-inovacao\/","title":{"rendered":"I Semin\u00e1rio Dialogando com a Inova\u00e7\u00e3o"},"content":{"rendered":"<p><span style=\"color: #000000\">O FACE Lab est\u00e1 apoiando o I Semin\u00e1rio Dialogando com a Inova\u00e7\u00e3o que acontecer\u00e1 no dia 26 de julho.<\/span><\/p>\n<p><span style=\"color: #000000\">Garanta sua inscri\u00e7\u00e3o no<\/span> <a href=\"https:\/\/www.even3.com.br\/metodologiaativas\/\">https:\/\/www.even3.com.br\/metodologiaativas\/<\/a><\/p>\n<p><img loading=\"lazy\" decoding=\"async\" class=\"alignnone  wp-image-409\" src=\"http:\/\/pesquisas.face.ufmg.br\/facelab\/wp-content\/uploads\/sites\/21\/2021\/07\/Seminario-Livro-Metodologias-300x300.png\" alt=\"\" width=\"367\" height=\"367\" srcset=\"https:\/\/pesquisas.face.ufmg.br\/facelab\/wp-content\/uploads\/sites\/21\/2021\/07\/Seminario-Livro-Metodologias-300x300.png 300w, https:\/\/pesquisas.face.ufmg.br\/facelab\/wp-content\/uploads\/sites\/21\/2021\/07\/Seminario-Livro-Metodologias-1024x1024.png 1024w, https:\/\/pesquisas.face.ufmg.br\/facelab\/wp-content\/uploads\/sites\/21\/2021\/07\/Seminario-Livro-Metodologias-150x150.png 150w, https:\/\/pesquisas.face.ufmg.br\/facelab\/wp-content\/uploads\/sites\/21\/2021\/07\/Seminario-Livro-Metodologias-768x768.png 768w, https:\/\/pesquisas.face.ufmg.br\/facelab\/wp-content\/uploads\/sites\/21\/2021\/07\/Seminario-Livro-Metodologias.png 1080w\" sizes=\"auto, (max-width: 367px) 100vw, 367px\" \/> \u00a0\u00a0\u00a0\u00a0\u00a0\u00a0\u00a0\u00a0\u00a0\u00a0 <img loading=\"lazy\" decoding=\"async\" class=\"alignnone  wp-image-410\" src=\"http:\/\/pesquisas.face.ufmg.br\/facelab\/wp-content\/uploads\/sites\/21\/2021\/07\/Programacao-Seminario-300x300.png\" alt=\"\" width=\"367\" height=\"367\" srcset=\"https:\/\/pesquisas.face.ufmg.br\/facelab\/wp-content\/uploads\/sites\/21\/2021\/07\/Programacao-Seminario-300x300.png 300w, https:\/\/pesquisas.face.ufmg.br\/facelab\/wp-content\/uploads\/sites\/21\/2021\/07\/Programacao-Seminario-1024x1024.png 1024w, https:\/\/pesquisas.face.ufmg.br\/facelab\/wp-content\/uploads\/sites\/21\/2021\/07\/Programacao-Seminario-150x150.png 150w, https:\/\/pesquisas.face.ufmg.br\/facelab\/wp-content\/uploads\/sites\/21\/2021\/07\/Programacao-Seminario-768x768.png 768w, https:\/\/pesquisas.face.ufmg.br\/facelab\/wp-content\/uploads\/sites\/21\/2021\/07\/Programacao-Seminario.png 1080w\" sizes=\"auto, (max-width: 367px) 100vw, 367px\" \/><\/p>\n","protected":false},"excerpt":{"rendered":"<p>O FACE Lab est\u00e1 apoiando o I Semin\u00e1rio Dialogando com a Inova\u00e7\u00e3o que acontecer\u00e1 no dia 26 de julho. Garanta sua inscri\u00e7\u00e3o no https:\/\/www.even3.com.br\/metodologiaativas\/ \u00a0\u00a0\u00a0\u00a0\u00a0\u00a0\u00a0\u00a0\u00a0\u00a0<\/p>\n","protected":false},"author":16,"featured_media":0,"comment_status":"closed","ping_status":"closed","sticky":false,"template":"","format":"standard","meta":{"_crdt_document":"","_exactmetrics_skip_tracking":false,"_exactmetrics_sitenote_active":false,"_exactmetrics_sitenote_note":"","_exactmetrics_sitenote_category":0,"footnotes":""},"categories":[8],"tags":[],"class_list":["post-408","post","type-post","status-publish","format-standard","hentry","category-eventos"],"_links":{"self":[{"href":"https:\/\/pesquisas.face.ufmg.br\/facelab\/wp-json\/wp\/v2\/posts\/408","targetHints":{"allow":["GET"]}}],"collection":[{"href":"https:\/\/pesquisas.face.ufmg.br\/facelab\/wp-json\/wp\/v2\/posts"}],"about":[{"href":"https:\/\/pesquisas.face.ufmg.br\/facelab\/wp-json\/wp\/v2\/types\/post"}],"author":[{"embeddable":true,"href":"https:\/\/pesquisas.face.ufmg.br\/facelab\/wp-json\/wp\/v2\/users\/16"}],"replies":[{"embeddable":true,"href":"https:\/\/pesquisas.face.ufmg.br\/facelab\/wp-json\/wp\/v2\/comments?post=408"}],"version-history":[{"count":3,"href":"https:\/\/pesquisas.face.ufmg.br\/facelab\/wp-json\/wp\/v2\/posts\/408\/revisions"}],"predecessor-version":[{"id":413,"href":"https:\/\/pesquisas.face.ufmg.br\/facelab\/wp-json\/wp\/v2\/posts\/408\/revisions\/413"}],"wp:attachment":[{"href":"https:\/\/pesquisas.face.ufmg.br\/facelab\/wp-json\/wp\/v2\/media?parent=408"}],"wp:term":[{"taxonomy":"category","embeddable":true,"href":"https:\/\/pesquisas.face.ufmg.br\/facelab\/wp-json\/wp\/v2\/categories?post=408"},{"taxonomy":"post_tag","embeddable":true,"href":"https:\/\/pesquisas.face.ufmg.br\/facelab\/wp-json\/wp\/v2\/tags?post=408"}],"curies":[{"name":"wp","href":"https:\/\/api.w.org\/{rel}","templated":true}]}}