{"id":350,"date":"2019-10-22T20:15:08","date_gmt":"2019-10-22T22:15:08","guid":{"rendered":"http:\/\/pesquisas.face.ufmg.br\/facelab\/?p=350"},"modified":"2019-11-20T12:03:10","modified_gmt":"2019-11-20T14:03:10","slug":"face-lab-no-visualizaufmg-2019","status":"publish","type":"post","link":"https:\/\/pesquisas.face.ufmg.br\/facelab\/2019\/10\/22\/face-lab-no-visualizaufmg-2019\/","title":{"rendered":"FACE Lab no VisualizaUFMG 2019"},"content":{"rendered":"<p><iframe loading=\"lazy\" title=\"FACE LAB: Laborat\u00f3rio de Empreendedorismo e Inova\u00e7\u00e3o\" width=\"1140\" height=\"641\" src=\"https:\/\/www.youtube.com\/embed\/hZGHy2pcjUY?feature=oembed\" frameborder=\"0\" allow=\"accelerometer; autoplay; encrypted-media; gyroscope; picture-in-picture\" allowfullscreen><\/iframe><\/p>\n<p><span style=\"color: #000000\">O v\u00eddeo produzido pelos alunos do FACE Lab que foi selecionado dentre os 23 v\u00eddeos exibidos no VisualizaUFMG 2019 recebeu Men\u00e7\u00e3o Honrosa da Comiss\u00e3o de Avalia\u00e7\u00e3o. Parab\u00e9ns Cl\u00e9vio!<br \/>\n<\/span><\/p>\n<p><span style=\"color: #000000\">O VisualizaUFMG 2019 integra a programa\u00e7\u00e3o da 28\u00aa Semana do Conhecimento.\u00a0 Confira todos os v\u00eddeos no canal da<\/span> <a href=\"https:\/\/www.youtube.com\/playlist?list=PL_AztmKDIPEY3CaQmXbqTq1H80CXFPris&amp;app=desktop\" target=\"_blank\" rel=\"noopener noreferrer\">Pr\u00f3-Reitoria de Extens\u00e3o no Youtube<\/a>.<\/p>\n","protected":false},"excerpt":{"rendered":"<p>O v\u00eddeo produzido pelos alunos do FACE Lab que foi selecionado dentre os 23 v\u00eddeos exibidos no VisualizaUFMG 2019 recebeu Men\u00e7\u00e3o Honrosa da Comiss\u00e3o de Avalia\u00e7\u00e3o. Parab\u00e9ns Cl\u00e9vio! O VisualizaUFMG [&hellip;]<\/p>\n","protected":false},"author":16,"featured_media":0,"comment_status":"closed","ping_status":"closed","sticky":false,"template":"","format":"standard","meta":{"_crdt_document":"","_exactmetrics_skip_tracking":false,"_exactmetrics_sitenote_active":false,"_exactmetrics_sitenote_note":"","_exactmetrics_sitenote_category":0,"footnotes":""},"categories":[8],"tags":[],"class_list":["post-350","post","type-post","status-publish","format-standard","hentry","category-eventos"],"_links":{"self":[{"href":"https:\/\/pesquisas.face.ufmg.br\/facelab\/wp-json\/wp\/v2\/posts\/350","targetHints":{"allow":["GET"]}}],"collection":[{"href":"https:\/\/pesquisas.face.ufmg.br\/facelab\/wp-json\/wp\/v2\/posts"}],"about":[{"href":"https:\/\/pesquisas.face.ufmg.br\/facelab\/wp-json\/wp\/v2\/types\/post"}],"author":[{"embeddable":true,"href":"https:\/\/pesquisas.face.ufmg.br\/facelab\/wp-json\/wp\/v2\/users\/16"}],"replies":[{"embeddable":true,"href":"https:\/\/pesquisas.face.ufmg.br\/facelab\/wp-json\/wp\/v2\/comments?post=350"}],"version-history":[{"count":3,"href":"https:\/\/pesquisas.face.ufmg.br\/facelab\/wp-json\/wp\/v2\/posts\/350\/revisions"}],"predecessor-version":[{"id":355,"href":"https:\/\/pesquisas.face.ufmg.br\/facelab\/wp-json\/wp\/v2\/posts\/350\/revisions\/355"}],"wp:attachment":[{"href":"https:\/\/pesquisas.face.ufmg.br\/facelab\/wp-json\/wp\/v2\/media?parent=350"}],"wp:term":[{"taxonomy":"category","embeddable":true,"href":"https:\/\/pesquisas.face.ufmg.br\/facelab\/wp-json\/wp\/v2\/categories?post=350"},{"taxonomy":"post_tag","embeddable":true,"href":"https:\/\/pesquisas.face.ufmg.br\/facelab\/wp-json\/wp\/v2\/tags?post=350"}],"curies":[{"name":"wp","href":"https:\/\/api.w.org\/{rel}","templated":true}]}}